{"id":9213,"date":"2024-02-02T16:33:37","date_gmt":"2024-02-02T16:33:37","guid":{"rendered":"https:\/\/cgf.janz.pt\/?p=9213"},"modified":"2024-10-29T11:21:03","modified_gmt":"2024-10-29T11:21:03","slug":"compteurs-deau-janz-smart","status":"publish","type":"post","link":"https:\/\/cgf.janz.pt\/fr\/compteurs-deau-janz-smart\/","title":{"rendered":"Compteurs d&rsquo;eau JANZ SMART"},"content":{"rendered":"<p>JANZ ouvre la voie \u00e0 un avenir o\u00f9, gr\u00e2ce \u00e0 l&rsquo;utilisation intelligente de la technologie, les entit\u00e9s de gestion de l&rsquo;eau, les villes et les consommateurs se connectent \u00e0 la ressource la plus importante de la plan\u00e8te, celle sans laquelle rien n&rsquo;est possible : l&rsquo;eau. <strong>D\u00e9couvrez la nouvelle gamme de compteurs d&rsquo;eau SMART de JANZ : MyWater Add On, eRegister et SmartIO.<\/strong><\/p>\n<p>Nous cr\u00e9ons des solutions fiables, pr\u00e9cises et respectueuses de l&rsquo;environnement pour un monde connect\u00e9, garantissant :<\/p>\n<p>\u2013 une r\u00e9duction effective des pertes et de la sous-facturation ;<\/p>\n<p>\u2013 maximiser les revenus ;<\/p>\n<p>\u2013 une augmentation significative du niveau de service fourni.<\/p>\n<p>&nbsp;<\/p>\n<h2><strong>MyWater Add On<\/strong><\/h2>\n<p>MyWater Add On s\u00e9pare d\u00e9finitivement les \u00e9quipements du point de lecture de l&rsquo;infrastructure de communication qui les supporte.<\/p>\n<p><a href=\"https:\/\/cgf.janz.pt\/fr\/produit\/mywater-copia\/\"><img loading=\"lazy\" decoding=\"async\" class=\"aligncenter wp-image-9932\" src=\"https:\/\/cgf.janz.pt\/wp-content\/uploads\/2024\/10\/Janz_JV400_MyWater-1-short.png\" alt=\"\" width=\"353\" height=\"361\" srcset=\"https:\/\/cgf.janz.pt\/wp-content\/uploads\/2024\/10\/Janz_JV400_MyWater-1-short.png 2602w, https:\/\/cgf.janz.pt\/wp-content\/uploads\/2024\/10\/Janz_JV400_MyWater-1-short-600x613.png 600w, https:\/\/cgf.janz.pt\/wp-content\/uploads\/2024\/10\/Janz_JV400_MyWater-1-short-294x300.png 294w, https:\/\/cgf.janz.pt\/wp-content\/uploads\/2024\/10\/Janz_JV400_MyWater-1-short-1002x1024.png 1002w, https:\/\/cgf.janz.pt\/wp-content\/uploads\/2024\/10\/Janz_JV400_MyWater-1-short-768x785.png 768w, https:\/\/cgf.janz.pt\/wp-content\/uploads\/2024\/10\/Janz_JV400_MyWater-1-short-1503x1536.png 1503w, https:\/\/cgf.janz.pt\/wp-content\/uploads\/2024\/10\/Janz_JV400_MyWater-1-short-2004x2048.png 2004w\" sizes=\"auto, (max-width: 353px) 100vw, 353px\" \/><\/a><\/p>\n<p>Cette <strong>solution de t\u00e9l\u00e9m\u00e9trie innovante<\/strong> permet l&rsquo;int\u00e9gration de compteurs d&rsquo;eau dans des projets Smart City modernes de mani\u00e8re simple et efficace. Adapt\u00e9 au client, aussi bien en zone rurale qu&rsquo;urbaine, dens\u00e9ment peupl\u00e9e ou dispers\u00e9e.<\/p>\n<p>Avec un r\u00e9seau LPWA (<em>Low Power Wide Area<\/em>) disponible, la mise en \u0153uvre et l&rsquo;avancement des projets se produisent l\u00e0 o\u00f9, quand et comment le client en a besoin, sans qu&rsquo;il soit n\u00e9cessaire de cr\u00e9er des r\u00e9seaux suppl\u00e9mentaires ou d\u00e9di\u00e9s. Un capteur \u00e0 couplage direct disponible pour toute la gamme JANZ ou un capteur externe pour n&rsquo;importe quel compteur ou marque.<\/p>\n<p><a href=\"https:\/\/cgf.janz.pt\/fr\/produit\/mywater-copia\/\"><img loading=\"lazy\" decoding=\"async\" class=\"wp-image-9902 alignleft\" src=\"https:\/\/cgf.janz.pt\/wp-content\/uploads\/2024\/10\/Janz_JV600_MyWater-2-short.png\" alt=\"\" width=\"319\" height=\"297\" srcset=\"https:\/\/cgf.janz.pt\/wp-content\/uploads\/2024\/10\/Janz_JV600_MyWater-2-short.png 2887w, https:\/\/cgf.janz.pt\/wp-content\/uploads\/2024\/10\/Janz_JV600_MyWater-2-short-600x558.png 600w, https:\/\/cgf.janz.pt\/wp-content\/uploads\/2024\/10\/Janz_JV600_MyWater-2-short-300x279.png 300w, https:\/\/cgf.janz.pt\/wp-content\/uploads\/2024\/10\/Janz_JV600_MyWater-2-short-1024x952.png 1024w, https:\/\/cgf.janz.pt\/wp-content\/uploads\/2024\/10\/Janz_JV600_MyWater-2-short-768x714.png 768w, https:\/\/cgf.janz.pt\/wp-content\/uploads\/2024\/10\/Janz_JV600_MyWater-2-short-1536x1428.png 1536w\" sizes=\"auto, (max-width: 319px) 100vw, 319px\" \/><\/a><\/p>\n<p>Caract\u00e9ristiques:<\/p>\n<p>&#8211; Protocoles de communication : <strong>Multiprotocole LoRaWAN \/wM-Bus et NB-IoT<\/strong><\/p>\n<p>&#8211; Batterie longue dur\u00e9e avec une dur\u00e9e de vie utile allant <strong>jusqu&rsquo;\u00e0 15 ans*<\/strong><\/p>\n<p>&#8211; M\u00e9moire du journal de lecture : <strong>S\u00e9curit\u00e9 des donn\u00e9es jusqu&rsquo;\u00e0 1 an<\/strong> d&rsquo;informations quotidiennes<\/p>\n<p>&#8211; Alarmes configurables \u00e0 la demande : Fuite, flux invers\u00e9, sous-consommation et surconsommation, compteur arr\u00eat\u00e9, fraude magn\u00e9tique, fraude m\u00e9canique, \u00e9tat de la batterie, temp\u00e9rature, erreur mat\u00e9rielle occasionnelle et permanente.<\/p>\n<p>&nbsp;<\/p>\n<p>Plus d&rsquo;information: <a href=\"https:\/\/cgf.janz.pt\/fr\/produit\/mywater-copia\/\">https:\/\/cgf.janz.pt\/fr\/produit\/mywater-copia\/\u00a0<\/a><\/p>\n<p>*En fonction du profil d&rsquo;utilisation et des conditions externes.<\/p>\n<p>&nbsp;<\/p>\n<h2><\/h2>\n<h2><strong>eRegister\u00a0<\/strong><\/h2>\n<p>eREGISTER sont les nouveaux <strong>compteurs d&rsquo;eau m\u00e9caniques<\/strong> qui combinent, dans le m\u00eame \u00e9quipement, une technologie de mesure largement test\u00e9e et un <strong>totalisateur \u00e9lectronique<\/strong> qui permet une <strong>interaction bidirectionnelle avec les r\u00e9seaux IoT <\/strong>(<em>Internet of Things<\/em>).<\/p>\n<p><span class=\"yt-core-attributed-string--link-inherit-color\"><img loading=\"lazy\" decoding=\"async\" class=\"aligncenter wp-image-9846\" src=\"https:\/\/cgf.janz.pt\/wp-content\/uploads\/2024\/10\/Janz_JV400e-2_short-e1730194266801.png\" alt=\"\" width=\"429\" height=\"220\" srcset=\"https:\/\/cgf.janz.pt\/wp-content\/uploads\/2024\/10\/Janz_JV400e-2_short-e1730194266801.png 3581w, https:\/\/cgf.janz.pt\/wp-content\/uploads\/2024\/10\/Janz_JV400e-2_short-e1730194266801-600x308.png 600w, https:\/\/cgf.janz.pt\/wp-content\/uploads\/2024\/10\/Janz_JV400e-2_short-e1730194266801-300x154.png 300w, https:\/\/cgf.janz.pt\/wp-content\/uploads\/2024\/10\/Janz_JV400e-2_short-e1730194266801-1024x526.png 1024w, https:\/\/cgf.janz.pt\/wp-content\/uploads\/2024\/10\/Janz_JV400e-2_short-e1730194266801-768x394.png 768w, https:\/\/cgf.janz.pt\/wp-content\/uploads\/2024\/10\/Janz_JV400e-2_short-e1730194266801-1536x789.png 1536w, https:\/\/cgf.janz.pt\/wp-content\/uploads\/2024\/10\/Janz_JV400e-2_short-e1730194266801-2048x1052.png 2048w\" sizes=\"auto, (max-width: 429px) 100vw, 429px\" \/><\/span><\/p>\n<p>Disponible pour les compteurs d&rsquo;eau <strong>volum\u00e9triques<\/strong> avec <strong>corps en laiton<\/strong> (JV400e) et <strong>composite<\/strong> (JV600e) et les compteurs d&rsquo;eau \u00e0 <strong>jet unique<\/strong> avec corps en laiton (JM300e) et composite (JM600e). Disponible du DN15 (Q3=2,5) au DN40 (Q3=16).<\/p>\n<p>&nbsp;<\/p>\n<p><img loading=\"lazy\" decoding=\"async\" class=\"wp-image-9842 alignleft\" src=\"https:\/\/cgf.janz.pt\/wp-content\/uploads\/2024\/10\/Janz_JV600e-1-e1730194375876.png\" alt=\"\" width=\"275\" height=\"279\" srcset=\"https:\/\/cgf.janz.pt\/wp-content\/uploads\/2024\/10\/Janz_JV600e-1-e1730194375876.png 2678w, https:\/\/cgf.janz.pt\/wp-content\/uploads\/2024\/10\/Janz_JV600e-1-e1730194375876-100x100.png 100w, https:\/\/cgf.janz.pt\/wp-content\/uploads\/2024\/10\/Janz_JV600e-1-e1730194375876-600x609.png 600w\" sizes=\"auto, (max-width: 275px) 100vw, 275px\" \/>Caract\u00e9ristiques:<\/p>\n<p>&#8211; Excellence m\u00e9trologique jusqu&rsquo;\u00e0 R800<\/p>\n<p>&#8211; Communication <strong>multiprotocole<\/strong> LoRaWAN et wM-Bus.<\/p>\n<p>&#8211; Batterie longue dur\u00e9e <strong>jusqu&rsquo;\u00e0 13 ans<\/strong> en profil standard*<\/p>\n<p>&#8211; <strong>Alarmes configurables \u00e0 la demande<\/strong> : fuite, surconsommation, flux invers\u00e9, compteur arr\u00eat\u00e9, compteur invers\u00e9, \u00e9tat de la batterie, fin de vie du compteur, erreur mat\u00e9rielle permanente.<\/p>\n<p><span class=\"yt-core-attributed-string--link-inherit-color\">Plus d&rsquo;information: <a href=\"https:\/\/cgf.janz.pt\/fr\/produit\/compteurs-deau-eregister\/\">Compteurs d&rsquo;eau eREGISTER\u00a0<\/a><\/span><\/p>\n<p>*En fonction du profil d&rsquo;utilisation et des conditions externes.<\/p>\n<p>&nbsp;<\/p>\n<h2>SmartIO<\/h2>\n<p>SmartIO est le premier <strong>compteur d&rsquo;eau \u00e0 ultrasons<\/strong> de JANZ. Il anticipe le futur de la m\u00e9trologie et transforme d\u00e9finitivement la mani\u00e8re dont les entit\u00e9s de gestion se connectent \u00e0 leurs syst\u00e8mes d&rsquo;approvisionnement.<\/p>\n<p>SmartIO est un compteur d&rsquo;eau dot\u00e9 d&rsquo;une technologie brevet\u00e9e et innovante. Avec une conception unique et sans cavit\u00e9, la mesure par ultrasons atteint un nouveau niveau.<\/p>\n<p><a href=\"https:\/\/cgf.janz.pt\/fr\/produit\/compteur-deau-smartio\/\"><img loading=\"lazy\" decoding=\"async\" class=\"aligncenter wp-image-9818\" src=\"https:\/\/cgf.janz.pt\/wp-content\/uploads\/2024\/10\/Janz_Smartio_DN15-3_short.png\" alt=\"\" width=\"324\" height=\"368\" srcset=\"https:\/\/cgf.janz.pt\/wp-content\/uploads\/2024\/10\/Janz_Smartio_DN15-3_short.png 2927w, https:\/\/cgf.janz.pt\/wp-content\/uploads\/2024\/10\/Janz_Smartio_DN15-3_short-600x680.png 600w, https:\/\/cgf.janz.pt\/wp-content\/uploads\/2024\/10\/Janz_Smartio_DN15-3_short-265x300.png 265w, https:\/\/cgf.janz.pt\/wp-content\/uploads\/2024\/10\/Janz_Smartio_DN15-3_short-903x1024.png 903w, https:\/\/cgf.janz.pt\/wp-content\/uploads\/2024\/10\/Janz_Smartio_DN15-3_short-768x871.png 768w, https:\/\/cgf.janz.pt\/wp-content\/uploads\/2024\/10\/Janz_Smartio_DN15-3_short-1355x1536.png 1355w\" sizes=\"auto, (max-width: 324px) 100vw, 324px\" \/><\/a><\/p>\n<p>Disponible en DN15 (Q3=2,5) et DN20 (Q3=4).<\/p>\n<p><a href=\"https:\/\/cgf.janz.pt\/fr\/produit\/compteur-deau-smartio\/\"><img loading=\"lazy\" decoding=\"async\" class=\"wp-image-9792 alignleft\" src=\"https:\/\/cgf.janz.pt\/wp-content\/uploads\/2024\/10\/Janz_Smartio_DN15-1_short.png\" alt=\"\" width=\"214\" height=\"276\" srcset=\"https:\/\/cgf.janz.pt\/wp-content\/uploads\/2024\/10\/Janz_Smartio_DN15-1_short.png 2161w, https:\/\/cgf.janz.pt\/wp-content\/uploads\/2024\/10\/Janz_Smartio_DN15-1_short-600x773.png 600w\" sizes=\"auto, (max-width: 214px) 100vw, 214px\" \/><\/a><\/p>\n<p>Caract\u00e9ristiques:<\/p>\n<p>&#8211; Excellence M\u00e9trologique : <strong>jusqu&rsquo;\u00e0 R1000<\/strong><\/p>\n<p>&#8211; Protocoles de communication : <strong>multiprotocole <\/strong><strong>LoRaWAN \/ wM-Bus et NB-IoT<\/strong><\/p>\n<p>&#8211; <strong>Alarmes configurables \u00e0 la demande<\/strong> : fuite, \u00e9clatement, reflux, tuyau vide, \u00e9tat de la batterie, alt\u00e9ration, indicateur de d\u00e9passement de temp\u00e9rature eau\/ambiante, air dans l&rsquo;eau, compteur arr\u00eat\u00e9.<\/p>\n<p>&#8211; Construit pour durer\u00a0: Con\u00e7u pour r\u00e9sister aux conditions difficiles<\/p>\n<p>&#8211; Surveillance de la temp\u00e9rature : Anticipe les risques de gel et les \u00e9ventuels risques pour la sant\u00e9.<\/p>\n<p><span class=\"yt-core-attributed-string--link-inherit-color\">Plus d&rsquo;information: <a href=\"https:\/\/cgf.janz.pt\/fr\/produit\/compteur-deau-smartio\/\">https:\/\/cgf.janz.pt\/fr\/produit\/compteur-deau-smartio\/<\/a><\/span><\/p>\n<h2><strong>D\u00e9couvrez-en davantage sur la nouvelle gamme de compteurs d&rsquo;eau SMART de JANZ<\/strong><\/h2>\n<p><a href=\"https:\/\/www.youtube.com\/@JANZ.SITgroup\">https:\/\/www.youtube.com\/@JANZ.SITgroup<\/a><\/p>\n<p>&nbsp;<\/p>\n","protected":false},"excerpt":{"rendered":"<p>JANZ ouvre la voie \u00e0 un avenir o\u00f9, gr\u00e2ce \u00e0 l&rsquo;utilisation intelligente de la technologie, les entit\u00e9s de gestion de [&hellip;]<\/p>\n","protected":false},"author":9,"featured_media":9130,"comment_status":"closed","ping_status":"closed","sticky":false,"template":"","format":"standard","meta":{"_acf_changed":false,"_monsterinsights_skip_tracking":false,"_monsterinsights_sitenote_active":false,"_monsterinsights_sitenote_note":"","_monsterinsights_sitenote_category":0,"footnotes":""},"categories":[398],"tags":[],"class_list":["post-9213","post","type-post","status-publish","format-standard","has-post-thumbnail","hentry","category-noticies"],"acf":[],"yoast_head":"<!-- This site is optimized with the Yoast SEO plugin v26.9 - https:\/\/yoast.com\/product\/yoast-seo-wordpress\/ -->\n<title>Compteurs d&#039;eau JANZ SMART - Janz - Contagem e Gest\u00e3o de Flu\u00eddos S.A.<\/title>\n<meta name=\"robots\" content=\"index, follow, max-snippet:-1, max-image-preview:large, max-video-preview:-1\" \/>\n<link rel=\"canonical\" href=\"https:\/\/cgf.janz.pt\/fr\/compteurs-deau-janz-smart\/\" \/>\n<meta property=\"og:locale\" content=\"fr_FR\" \/>\n<meta property=\"og:type\" content=\"article\" \/>\n<meta property=\"og:title\" content=\"Compteurs d&#039;eau JANZ SMART - Janz - Contagem e Gest\u00e3o de Flu\u00eddos S.A.\" \/>\n<meta property=\"og:description\" content=\"JANZ ouvre la voie \u00e0 un avenir o\u00f9, gr\u00e2ce \u00e0 l&rsquo;utilisation intelligente de la technologie, les entit\u00e9s de gestion de [&hellip;]\" \/>\n<meta property=\"og:url\" content=\"https:\/\/cgf.janz.pt\/fr\/compteurs-deau-janz-smart\/\" \/>\n<meta property=\"og:site_name\" content=\"Janz - Contagem e Gest\u00e3o de Flu\u00eddos S.A.\" \/>\n<meta property=\"article:published_time\" content=\"2024-02-02T16:33:37+00:00\" \/>\n<meta property=\"article:modified_time\" content=\"2024-10-29T11:21:03+00:00\" \/>\n<meta property=\"og:image\" content=\"https:\/\/cgf.janz.pt\/wp-content\/uploads\/2024\/01\/SMART-METERS-JANZ-2-8.jpg\" \/>\n\t<meta property=\"og:image:width\" content=\"2484\" \/>\n\t<meta property=\"og:image:height\" content=\"1180\" \/>\n\t<meta property=\"og:image:type\" content=\"image\/jpeg\" \/>\n<meta name=\"author\" content=\"Janz\" \/>\n<meta name=\"twitter:card\" content=\"summary_large_image\" \/>\n<meta name=\"twitter:label1\" content=\"\u00c9crit par\" \/>\n\t<meta name=\"twitter:data1\" content=\"Janz\" \/>\n\t<meta name=\"twitter:label2\" content=\"Dur\u00e9e de lecture estim\u00e9e\" \/>\n\t<meta name=\"twitter:data2\" content=\"5 minutes\" \/>\n<script type=\"application\/ld+json\" class=\"yoast-schema-graph\">{\"@context\":\"https:\/\/schema.org\",\"@graph\":[{\"@type\":\"Article\",\"@id\":\"https:\/\/cgf.janz.pt\/fr\/compteurs-deau-janz-smart\/#article\",\"isPartOf\":{\"@id\":\"https:\/\/cgf.janz.pt\/fr\/compteurs-deau-janz-smart\/\"},\"author\":{\"name\":\"Janz\",\"@id\":\"https:\/\/cgf.janz.pt\/#\/schema\/person\/2e41fa850d62da560ecf76969abaa6d9\"},\"headline\":\"Compteurs d&rsquo;eau JANZ SMART\",\"datePublished\":\"2024-02-02T16:33:37+00:00\",\"dateModified\":\"2024-10-29T11:21:03+00:00\",\"mainEntityOfPage\":{\"@id\":\"https:\/\/cgf.janz.pt\/fr\/compteurs-deau-janz-smart\/\"},\"wordCount\":685,\"image\":{\"@id\":\"https:\/\/cgf.janz.pt\/fr\/compteurs-deau-janz-smart\/#primaryimage\"},\"thumbnailUrl\":\"https:\/\/cgf.janz.pt\/wp-content\/uploads\/2024\/01\/SMART-METERS-JANZ-2-8.jpg\",\"articleSection\":[\"Noticies\"],\"inLanguage\":\"fr-FR\"},{\"@type\":\"WebPage\",\"@id\":\"https:\/\/cgf.janz.pt\/fr\/compteurs-deau-janz-smart\/\",\"url\":\"https:\/\/cgf.janz.pt\/fr\/compteurs-deau-janz-smart\/\",\"name\":\"Compteurs d'eau JANZ SMART - Janz - Contagem e Gest\u00e3o de Flu\u00eddos S.A.\",\"isPartOf\":{\"@id\":\"https:\/\/cgf.janz.pt\/#website\"},\"primaryImageOfPage\":{\"@id\":\"https:\/\/cgf.janz.pt\/fr\/compteurs-deau-janz-smart\/#primaryimage\"},\"image\":{\"@id\":\"https:\/\/cgf.janz.pt\/fr\/compteurs-deau-janz-smart\/#primaryimage\"},\"thumbnailUrl\":\"https:\/\/cgf.janz.pt\/wp-content\/uploads\/2024\/01\/SMART-METERS-JANZ-2-8.jpg\",\"datePublished\":\"2024-02-02T16:33:37+00:00\",\"dateModified\":\"2024-10-29T11:21:03+00:00\",\"author\":{\"@id\":\"https:\/\/cgf.janz.pt\/#\/schema\/person\/2e41fa850d62da560ecf76969abaa6d9\"},\"breadcrumb\":{\"@id\":\"https:\/\/cgf.janz.pt\/fr\/compteurs-deau-janz-smart\/#breadcrumb\"},\"inLanguage\":\"fr-FR\",\"potentialAction\":[{\"@type\":\"ReadAction\",\"target\":[\"https:\/\/cgf.janz.pt\/fr\/compteurs-deau-janz-smart\/\"]}]},{\"@type\":\"ImageObject\",\"inLanguage\":\"fr-FR\",\"@id\":\"https:\/\/cgf.janz.pt\/fr\/compteurs-deau-janz-smart\/#primaryimage\",\"url\":\"https:\/\/cgf.janz.pt\/wp-content\/uploads\/2024\/01\/SMART-METERS-JANZ-2-8.jpg\",\"contentUrl\":\"https:\/\/cgf.janz.pt\/wp-content\/uploads\/2024\/01\/SMART-METERS-JANZ-2-8.jpg\",\"width\":2484,\"height\":1180},{\"@type\":\"BreadcrumbList\",\"@id\":\"https:\/\/cgf.janz.pt\/fr\/compteurs-deau-janz-smart\/#breadcrumb\",\"itemListElement\":[{\"@type\":\"ListItem\",\"position\":1,\"name\":\"In\u00edcio\",\"item\":\"https:\/\/cgf.janz.pt\/fr\/\"},{\"@type\":\"ListItem\",\"position\":2,\"name\":\"Compteurs d&#8217;eau JANZ SMART\"}]},{\"@type\":\"WebSite\",\"@id\":\"https:\/\/cgf.janz.pt\/#website\",\"url\":\"https:\/\/cgf.janz.pt\/\",\"name\":\"Janz - Contagem e Gest\u00e3o de Flu\u00eddos S.A.\",\"description\":\"Fabrica, comercializa e distribu\u00ed contadores de \u00e0gua, pe\u00e7as de precis\u00e3o e injec\u00e7\u00e3o de pl\u00e1sticos\",\"potentialAction\":[{\"@type\":\"SearchAction\",\"target\":{\"@type\":\"EntryPoint\",\"urlTemplate\":\"https:\/\/cgf.janz.pt\/?s={search_term_string}\"},\"query-input\":{\"@type\":\"PropertyValueSpecification\",\"valueRequired\":true,\"valueName\":\"search_term_string\"}}],\"inLanguage\":\"fr-FR\"},{\"@type\":\"Person\",\"@id\":\"https:\/\/cgf.janz.pt\/#\/schema\/person\/2e41fa850d62da560ecf76969abaa6d9\",\"name\":\"Janz\",\"image\":{\"@type\":\"ImageObject\",\"inLanguage\":\"fr-FR\",\"@id\":\"https:\/\/cgf.janz.pt\/#\/schema\/person\/image\/\",\"url\":\"https:\/\/secure.gravatar.com\/avatar\/c35974e2c8cada1300d493bd5bf770139495e9fa6b9f282276bf5aa53120f74a?s=96&d=mm&r=g\",\"contentUrl\":\"https:\/\/secure.gravatar.com\/avatar\/c35974e2c8cada1300d493bd5bf770139495e9fa6b9f282276bf5aa53120f74a?s=96&d=mm&r=g\",\"caption\":\"Janz\"},\"url\":\"https:\/\/cgf.janz.pt\/fr\/author\/veragino\/\"}]}<\/script>\n<!-- \/ Yoast SEO plugin. -->","yoast_head_json":{"title":"Compteurs d'eau JANZ SMART - Janz - Contagem e Gest\u00e3o de Flu\u00eddos S.A.","robots":{"index":"index","follow":"follow","max-snippet":"max-snippet:-1","max-image-preview":"max-image-preview:large","max-video-preview":"max-video-preview:-1"},"canonical":"https:\/\/cgf.janz.pt\/fr\/compteurs-deau-janz-smart\/","og_locale":"fr_FR","og_type":"article","og_title":"Compteurs d'eau JANZ SMART - Janz - Contagem e Gest\u00e3o de Flu\u00eddos S.A.","og_description":"JANZ ouvre la voie \u00e0 un avenir o\u00f9, gr\u00e2ce \u00e0 l&rsquo;utilisation intelligente de la technologie, les entit\u00e9s de gestion de [&hellip;]","og_url":"https:\/\/cgf.janz.pt\/fr\/compteurs-deau-janz-smart\/","og_site_name":"Janz - Contagem e Gest\u00e3o de Flu\u00eddos S.A.","article_published_time":"2024-02-02T16:33:37+00:00","article_modified_time":"2024-10-29T11:21:03+00:00","og_image":[{"width":2484,"height":1180,"url":"https:\/\/cgf.janz.pt\/wp-content\/uploads\/2024\/01\/SMART-METERS-JANZ-2-8.jpg","type":"image\/jpeg"}],"author":"Janz","twitter_card":"summary_large_image","twitter_misc":{"\u00c9crit par":"Janz","Dur\u00e9e de lecture estim\u00e9e":"5 minutes"},"schema":{"@context":"https:\/\/schema.org","@graph":[{"@type":"Article","@id":"https:\/\/cgf.janz.pt\/fr\/compteurs-deau-janz-smart\/#article","isPartOf":{"@id":"https:\/\/cgf.janz.pt\/fr\/compteurs-deau-janz-smart\/"},"author":{"name":"Janz","@id":"https:\/\/cgf.janz.pt\/#\/schema\/person\/2e41fa850d62da560ecf76969abaa6d9"},"headline":"Compteurs d&rsquo;eau JANZ SMART","datePublished":"2024-02-02T16:33:37+00:00","dateModified":"2024-10-29T11:21:03+00:00","mainEntityOfPage":{"@id":"https:\/\/cgf.janz.pt\/fr\/compteurs-deau-janz-smart\/"},"wordCount":685,"image":{"@id":"https:\/\/cgf.janz.pt\/fr\/compteurs-deau-janz-smart\/#primaryimage"},"thumbnailUrl":"https:\/\/cgf.janz.pt\/wp-content\/uploads\/2024\/01\/SMART-METERS-JANZ-2-8.jpg","articleSection":["Noticies"],"inLanguage":"fr-FR"},{"@type":"WebPage","@id":"https:\/\/cgf.janz.pt\/fr\/compteurs-deau-janz-smart\/","url":"https:\/\/cgf.janz.pt\/fr\/compteurs-deau-janz-smart\/","name":"Compteurs d'eau JANZ SMART - Janz - Contagem e Gest\u00e3o de Flu\u00eddos S.A.","isPartOf":{"@id":"https:\/\/cgf.janz.pt\/#website"},"primaryImageOfPage":{"@id":"https:\/\/cgf.janz.pt\/fr\/compteurs-deau-janz-smart\/#primaryimage"},"image":{"@id":"https:\/\/cgf.janz.pt\/fr\/compteurs-deau-janz-smart\/#primaryimage"},"thumbnailUrl":"https:\/\/cgf.janz.pt\/wp-content\/uploads\/2024\/01\/SMART-METERS-JANZ-2-8.jpg","datePublished":"2024-02-02T16:33:37+00:00","dateModified":"2024-10-29T11:21:03+00:00","author":{"@id":"https:\/\/cgf.janz.pt\/#\/schema\/person\/2e41fa850d62da560ecf76969abaa6d9"},"breadcrumb":{"@id":"https:\/\/cgf.janz.pt\/fr\/compteurs-deau-janz-smart\/#breadcrumb"},"inLanguage":"fr-FR","potentialAction":[{"@type":"ReadAction","target":["https:\/\/cgf.janz.pt\/fr\/compteurs-deau-janz-smart\/"]}]},{"@type":"ImageObject","inLanguage":"fr-FR","@id":"https:\/\/cgf.janz.pt\/fr\/compteurs-deau-janz-smart\/#primaryimage","url":"https:\/\/cgf.janz.pt\/wp-content\/uploads\/2024\/01\/SMART-METERS-JANZ-2-8.jpg","contentUrl":"https:\/\/cgf.janz.pt\/wp-content\/uploads\/2024\/01\/SMART-METERS-JANZ-2-8.jpg","width":2484,"height":1180},{"@type":"BreadcrumbList","@id":"https:\/\/cgf.janz.pt\/fr\/compteurs-deau-janz-smart\/#breadcrumb","itemListElement":[{"@type":"ListItem","position":1,"name":"In\u00edcio","item":"https:\/\/cgf.janz.pt\/fr\/"},{"@type":"ListItem","position":2,"name":"Compteurs d&#8217;eau JANZ SMART"}]},{"@type":"WebSite","@id":"https:\/\/cgf.janz.pt\/#website","url":"https:\/\/cgf.janz.pt\/","name":"Janz - Contagem e Gest\u00e3o de Flu\u00eddos S.A.","description":"Fabrica, comercializa e distribu\u00ed contadores de \u00e0gua, pe\u00e7as de precis\u00e3o e injec\u00e7\u00e3o de pl\u00e1sticos","potentialAction":[{"@type":"SearchAction","target":{"@type":"EntryPoint","urlTemplate":"https:\/\/cgf.janz.pt\/?s={search_term_string}"},"query-input":{"@type":"PropertyValueSpecification","valueRequired":true,"valueName":"search_term_string"}}],"inLanguage":"fr-FR"},{"@type":"Person","@id":"https:\/\/cgf.janz.pt\/#\/schema\/person\/2e41fa850d62da560ecf76969abaa6d9","name":"Janz","image":{"@type":"ImageObject","inLanguage":"fr-FR","@id":"https:\/\/cgf.janz.pt\/#\/schema\/person\/image\/","url":"https:\/\/secure.gravatar.com\/avatar\/c35974e2c8cada1300d493bd5bf770139495e9fa6b9f282276bf5aa53120f74a?s=96&d=mm&r=g","contentUrl":"https:\/\/secure.gravatar.com\/avatar\/c35974e2c8cada1300d493bd5bf770139495e9fa6b9f282276bf5aa53120f74a?s=96&d=mm&r=g","caption":"Janz"},"url":"https:\/\/cgf.janz.pt\/fr\/author\/veragino\/"}]}},"_links":{"self":[{"href":"https:\/\/cgf.janz.pt\/fr\/wp-json\/wp\/v2\/posts\/9213","targetHints":{"allow":["GET"]}}],"collection":[{"href":"https:\/\/cgf.janz.pt\/fr\/wp-json\/wp\/v2\/posts"}],"about":[{"href":"https:\/\/cgf.janz.pt\/fr\/wp-json\/wp\/v2\/types\/post"}],"author":[{"embeddable":true,"href":"https:\/\/cgf.janz.pt\/fr\/wp-json\/wp\/v2\/users\/9"}],"replies":[{"embeddable":true,"href":"https:\/\/cgf.janz.pt\/fr\/wp-json\/wp\/v2\/comments?post=9213"}],"version-history":[{"count":10,"href":"https:\/\/cgf.janz.pt\/fr\/wp-json\/wp\/v2\/posts\/9213\/revisions"}],"predecessor-version":[{"id":9945,"href":"https:\/\/cgf.janz.pt\/fr\/wp-json\/wp\/v2\/posts\/9213\/revisions\/9945"}],"wp:featuredmedia":[{"embeddable":true,"href":"https:\/\/cgf.janz.pt\/fr\/wp-json\/wp\/v2\/media\/9130"}],"wp:attachment":[{"href":"https:\/\/cgf.janz.pt\/fr\/wp-json\/wp\/v2\/media?parent=9213"}],"wp:term":[{"taxonomy":"category","embeddable":true,"href":"https:\/\/cgf.janz.pt\/fr\/wp-json\/wp\/v2\/categories?post=9213"},{"taxonomy":"post_tag","embeddable":true,"href":"https:\/\/cgf.janz.pt\/fr\/wp-json\/wp\/v2\/tags?post=9213"}],"curies":[{"name":"wp","href":"https:\/\/api.w.org\/{rel}","templated":true}]}}