{"id":6287,"date":"2021-06-09T09:17:38","date_gmt":"2021-06-09T08:17:38","guid":{"rendered":"https:\/\/cgf.janz.pt\/?p=6287"},"modified":"2021-08-26T13:01:37","modified_gmt":"2021-08-26T12:01:37","slug":"transicao-digital-assegura-sustentabilidade-da-agua","status":"publish","type":"post","link":"https:\/\/cgf.janz.pt\/en\/transicao-digital-assegura-sustentabilidade-da-agua\/","title":{"rendered":"Transi\u00e7\u00e3o digital assegura sustentabilidade da \u00e1gua"},"content":{"rendered":"<h2><strong>Gianpaolo Anselmi fala-nos de como a tecnologia pode contribuir para a sustentabilidade da \u00e1gua e, em \u00faltima inst\u00e2ncia, para um mundo melhor. <\/strong><\/h2>\n<h3><\/h3>\n<h3>Gianpaolo formou-se em Engenharia Mec\u00e2nica na Universidade de P\u00e1dua, ingressando imediatamente no departamento de qualidade da Nuovo Pignone S.p.A. A sua entrada no grupo SIT aconteceu em 1988, para assumir o cargo de diretor de Marketing. Deste ent\u00e3o, \u00e9 no grupo SIT que Gianpaolo tem trilhado o seu caminho profissional.<\/h3>\n<p>&nbsp;<\/p>\n<h3>Atualmente, \u00e9 o diretor-geral da JANZ, empresa do grupo SIT desde janeiro deste ano. Gianpaolo acredita que o setor da \u00e1gua tem agora uma grande oportunidade para contribuir para a sustentabilidade h\u00eddrica e que a transi\u00e7\u00e3o digital do setor est\u00e1 para breve.<\/h3>\n<p>&nbsp;<\/p>\n<h4><strong>Como \u00e9 que a tecnologia pode contribuir para a sustentabilidade da \u00e1gua e mudar este setor no s\u00e9culo XXI?<\/strong><\/h4>\n<p>O recurso h\u00eddrico \u00e9 um recurso escasso e estrat\u00e9gico. A evolu\u00e7\u00e3o demogr\u00e1fica, a crescente urbaniza\u00e7\u00e3o e as altera\u00e7\u00f5es clim\u00e1ticas s\u00e3o fatores que contribuem para submeter o recurso h\u00eddrico a um stress sem precedentes, no mundo e na Europa. J\u00e1 hoje 25% da popula\u00e7\u00e3o mundial est\u00e1 em condi\u00e7\u00e3o de stress h\u00eddrico.<\/p>\n<p>Algumas pesquisas dizem-nos que globalmente:<\/p>\n<ul>\n<li>&gt;2,2 mil milh\u00f5es de pessoas n\u00e3o t\u00eam acesso \u00e0 \u00e1gua pot\u00e1vel (28,2% da popula\u00e7\u00e3o)<\/li>\n<li>&gt;4,2 mil milh\u00f5es de pessoas carecem de sistemas de purifica\u00e7\u00e3o seguros, essenciais para limitar ou prevenir a propaga\u00e7\u00e3o de doen\u00e7as (53,8% da popula\u00e7\u00e3o)<\/li>\n<li>&gt; 40% dos lares no mundo n\u00e3o possuem lavat\u00f3rios.<\/li>\n<\/ul>\n<p>O Sustainable Development Goal 6 (SDG 6) da agenda 2030 da ONU, exige garantir o acesso \u00e0 \u00e1gua e ao saneamento para todos. Como vimos, estamos muito distantes desse objetivo e somente uma transforma\u00e7\u00e3o do setor h\u00eddrico, usando todas as tecnologias dispon\u00edveis pode ajudar nesse sentido.<\/p>\n<h4><strong>Quando falamos em transi\u00e7\u00e3o digital no setor de \u00e1gua, falamos principalmente sobre a implementa\u00e7\u00e3o de sistemas de telemetria e gest\u00e3o remota. Como pode esta transforma\u00e7\u00e3o ajudar Portugal a recuperar da cat\u00e1strofe econ\u00f3mica e social provocada pela Pandemia?<\/strong><\/h4>\n<p>A sustentabilidade da \u00e1gua pode dar uma dupla contribui\u00e7\u00e3o para o sistema do pa\u00eds, estimulando investimentos e, ao mesmo tempo, garantindo o impulso para a inova\u00e7\u00e3o sustent\u00e1vel.<\/p>\n<p>Em alguns pa\u00edses, quatro prioridades foram identificadas para promover a sustentabilidade h\u00eddrica ao longo de toda a cadeia de abastecimento de \u00e1gua:<\/p>\n<p>&gt; Racionaliza\u00e7\u00e3o do uso da \u00e1gua<\/p>\n<p>&gt; Maior reciclagem \/ reutiliza\u00e7\u00e3o de \u00e1gua<\/p>\n<p>&gt; Racionaliza\u00e7\u00e3o da produ\u00e7\u00e3o de \u00e1guas residuais n\u00e3o recuper\u00e1veis<\/p>\n<p>&gt; Efici\u00eancia dos sistemas de monitoriza\u00e7\u00e3o do uso da \u00e1gua<\/p>\n<p>Utilizando sistemas de telemetria e telegest\u00e3o \u00e9 poss\u00edvel controlar com precis\u00e3o as redes de distribui\u00e7\u00e3o e assim facilitar o cumprimento de todos os objetivos acima mencionados.<\/p>\n<h4><strong>O Gianpaolo vem de um grupo cujo eixo de atua\u00e7\u00e3o \u00e9 o setor de medi\u00e7\u00e3o inteligente de g\u00e1s. O setor de energia est\u00e1 um passo \u00e0 frente no que diz respeito \u00e0 transi\u00e7\u00e3o digital, quando comparado ao setor de \u00e1gua?<\/strong><\/h4>\n<p>Estat\u00edsticas mundiais mostram que o setor da \u00e1gua \u00e9 o \u00faltimo em termos de tecnologias e transforma\u00e7\u00e3o digital. Os contadores inteligentes cobrem apenas 9% do parque total instalado, enquanto os contadores de g\u00e1s representam 11% e os contadores el\u00e9tricos inteligentes 31%. Alguns pa\u00edses j\u00e1 decidiram ado\u00e7\u00e3o obrigat\u00f3ria de contadores inteligentes para g\u00e1s e eletricidade. N\u00e3o conhe\u00e7o nenhum pa\u00eds com a mesma decis\u00e3o para a \u00e1gua.<\/p>\n<h4><strong>Acha que os setores da \u00e1gua e do g\u00e1s podem aprender um com o outro?<\/strong><\/h4>\n<p>Algumas <a href=\"https:\/\/cgf.janz.pt\/tecnologia\/telemetria-mywater\/\">tecnologias para contadores inteligentes de \u00e1gua<\/a> e g\u00e1s s\u00e3o exatamente as mesmas como \u00e9 o caso, por exemplo, das relacionadas com a comunica\u00e7\u00e3o. A parte metrol\u00f3gica \u00e9 espec\u00edfica, mas tamb\u00e9m nesta \u00e1rea a experi\u00eancia do g\u00e1s permite importantes sinergias tecnol\u00f3gicas. Um dos motivos estrat\u00e9gicos da entrada da SIT no setor h\u00eddrico \u00e9 justamente a possibilidade de explorar o knowhow j\u00e1 desenvolvido para o g\u00e1s tamb\u00e9m para o setor h\u00eddrico. Muito se tem falado sobre o potencial de implementa\u00e7\u00e3o de sistemas de telemetria no setor da \u00e1gua. Neste contexto, especificamente em Portugal, ainda h\u00e1 um longo caminho a percorrer.<\/p>\n<h4><strong>Acha poss\u00edvel estar a ser criada alguma resist\u00eancia na dissemina\u00e7\u00e3o dos sistemas de telemetria no setor?<\/strong><\/h4>\n<p>A introdu\u00e7\u00e3o da telemetria requer investimentos importantes e este \u00e9 provavelmente o principal obst\u00e1culo para uma introdu\u00e7\u00e3o r\u00e1pida desta nova tecnologia. No entanto, os investimentos necess\u00e1rios diminuem todos os anos e a experi\u00eancia j\u00e1 adquirida na \u00e1rea da eletricidade e do g\u00e1s a n\u00edvel mundial pode ajudar pa\u00edses como Portugal a fazerem as escolhas corretas, em termos de tecnologia e abordagem de mercado, para uma implementa\u00e7\u00e3o eficaz e mais f\u00e1cil das novas tecnologias.<\/p>\n<h4><strong>Recupera\u00e7\u00e3o e sustentabilidade s\u00e3o as palavras de ordem quando se trata de planos de recupera\u00e7\u00e3o p\u00f3s-pandemia. Acredita que o setor da \u00e1gua em geral est\u00e1 preparado para fazer uma transi\u00e7\u00e3o digital e aproveitar todo o seu potencial para contribuir para um pa\u00eds \/ mundo mais sustent\u00e1vel e resiliente?<\/strong><\/h4>\n<p>O setor da \u00e1gua tem agora uma grande oportunidade para contribuir para um mundo melhor. Num cen\u00e1rio pressionado do ponto de vista ambiental e socioecon\u00f3mico, e profundamente alterado devido \u00e0 emerg\u00eancia sanit\u00e1ria, a Uni\u00e3o Europeia tenta dar as respostas necess\u00e1rias a um rein\u00edcio resiliente e sustent\u00e1vel.<\/p>\n<p>Al\u00e9m do plano Next Generation EU, existem in\u00fameras iniciativas nascidas no contexto europeu e em linha com o Acordo Verde, relevantes para o setor da \u00e1gua.<\/p>\n<p>Por isso, estou confiante de que em breve veremos investimentos importantes para o setor da \u00e1gua e eles permitir\u00e3o a transi\u00e7\u00e3o digital que almejamos.<\/p>\n","protected":false},"excerpt":{"rendered":"<p>Gianpaolo Anselmi fala-nos de como a tecnologia pode contribuir para a sustentabilidade da \u00e1gua e, em \u00faltima inst\u00e2ncia, para um [&hellip;]<\/p>\n","protected":false},"author":9,"featured_media":6288,"comment_status":"closed","ping_status":"closed","sticky":false,"template":"","format":"standard","meta":{"_acf_changed":false,"_monsterinsights_skip_tracking":false,"_monsterinsights_sitenote_active":false,"_monsterinsights_sitenote_note":"","_monsterinsights_sitenote_category":0,"footnotes":""},"categories":[],"tags":[],"class_list":["post-6287","post","type-post","status-publish","format-standard","has-post-thumbnail","hentry"],"acf":[],"yoast_head":"<!-- This site is optimized with the Yoast SEO plugin v26.9 - https:\/\/yoast.com\/product\/yoast-seo-wordpress\/ -->\n<title>Transi\u00e7\u00e3o digital assegura sustentabilidade da \u00e1gua - JANZ<\/title>\n<meta name=\"description\" content=\"O diretor-geral da JANZ fala-nos de como a tecnologia pode contribuir para a sustentabilidade da \u00e1gua e para um mundo melhor. Saiba tudo aqui.\" \/>\n<meta name=\"robots\" content=\"index, follow, max-snippet:-1, max-image-preview:large, max-video-preview:-1\" \/>\n<link rel=\"canonical\" href=\"https:\/\/cgf.janz.pt\/en\/transicao-digital-assegura-sustentabilidade-da-agua\/\" \/>\n<meta property=\"og:locale\" content=\"en_US\" \/>\n<meta property=\"og:type\" content=\"article\" \/>\n<meta property=\"og:title\" content=\"Transi\u00e7\u00e3o digital assegura sustentabilidade da \u00e1gua Janz - Contagem e Gest\u00e3o de Flu\u00eddos S.A.\" \/>\n<meta property=\"og:description\" content=\"Gianpaolo acredita que o setor da \u00e1gua tem agora uma grande oportunidade para contribuir para a sustentabilidade h\u00eddrica e que a transi\u00e7\u00e3o digital do setor est\u00e1 para breve.\" \/>\n<meta property=\"og:url\" content=\"https:\/\/cgf.janz.pt\/en\/transicao-digital-assegura-sustentabilidade-da-agua\/\" \/>\n<meta property=\"og:site_name\" content=\"Janz - Contagem e Gest\u00e3o de Flu\u00eddos S.A.\" \/>\n<meta property=\"article:published_time\" content=\"2021-06-09T08:17:38+00:00\" \/>\n<meta property=\"article:modified_time\" content=\"2021-08-26T12:01:37+00:00\" \/>\n<meta property=\"og:image\" content=\"https:\/\/cgf.janz.pt\/wp-content\/uploads\/2021\/06\/sustentabilidade-da-agua-entrevista.png\" \/>\n\t<meta property=\"og:image:width\" content=\"1200\" \/>\n\t<meta property=\"og:image:height\" content=\"630\" \/>\n\t<meta property=\"og:image:type\" content=\"image\/png\" \/>\n<meta name=\"author\" content=\"Janz\" \/>\n<meta name=\"twitter:card\" content=\"summary_large_image\" \/>\n<meta name=\"twitter:label1\" content=\"Written by\" \/>\n\t<meta name=\"twitter:data1\" content=\"Janz\" \/>\n\t<meta name=\"twitter:label2\" content=\"Est. reading time\" \/>\n\t<meta name=\"twitter:data2\" content=\"4 minutes\" \/>\n<script type=\"application\/ld+json\" class=\"yoast-schema-graph\">{\"@context\":\"https:\/\/schema.org\",\"@graph\":[{\"@type\":\"Article\",\"@id\":\"https:\/\/cgf.janz.pt\/en\/transicao-digital-assegura-sustentabilidade-da-agua\/#article\",\"isPartOf\":{\"@id\":\"https:\/\/cgf.janz.pt\/en\/transicao-digital-assegura-sustentabilidade-da-agua\/\"},\"author\":{\"name\":\"Janz\",\"@id\":\"https:\/\/cgf.janz.pt\/#\/schema\/person\/2e41fa850d62da560ecf76969abaa6d9\"},\"headline\":\"Transi\u00e7\u00e3o digital assegura sustentabilidade da \u00e1gua\",\"datePublished\":\"2021-06-09T08:17:38+00:00\",\"dateModified\":\"2021-08-26T12:01:37+00:00\",\"mainEntityOfPage\":{\"@id\":\"https:\/\/cgf.janz.pt\/en\/transicao-digital-assegura-sustentabilidade-da-agua\/\"},\"wordCount\":981,\"image\":{\"@id\":\"https:\/\/cgf.janz.pt\/en\/transicao-digital-assegura-sustentabilidade-da-agua\/#primaryimage\"},\"thumbnailUrl\":\"https:\/\/cgf.janz.pt\/wp-content\/uploads\/2021\/06\/sustentabilidade-da-agua-entrevista.png\",\"inLanguage\":\"en-US\"},{\"@type\":\"WebPage\",\"@id\":\"https:\/\/cgf.janz.pt\/en\/transicao-digital-assegura-sustentabilidade-da-agua\/\",\"url\":\"https:\/\/cgf.janz.pt\/en\/transicao-digital-assegura-sustentabilidade-da-agua\/\",\"name\":\"Transi\u00e7\u00e3o digital assegura sustentabilidade da \u00e1gua - JANZ\",\"isPartOf\":{\"@id\":\"https:\/\/cgf.janz.pt\/#website\"},\"primaryImageOfPage\":{\"@id\":\"https:\/\/cgf.janz.pt\/en\/transicao-digital-assegura-sustentabilidade-da-agua\/#primaryimage\"},\"image\":{\"@id\":\"https:\/\/cgf.janz.pt\/en\/transicao-digital-assegura-sustentabilidade-da-agua\/#primaryimage\"},\"thumbnailUrl\":\"https:\/\/cgf.janz.pt\/wp-content\/uploads\/2021\/06\/sustentabilidade-da-agua-entrevista.png\",\"datePublished\":\"2021-06-09T08:17:38+00:00\",\"dateModified\":\"2021-08-26T12:01:37+00:00\",\"author\":{\"@id\":\"https:\/\/cgf.janz.pt\/#\/schema\/person\/2e41fa850d62da560ecf76969abaa6d9\"},\"description\":\"O diretor-geral da JANZ fala-nos de como a tecnologia pode contribuir para a sustentabilidade da \u00e1gua e para um mundo melhor. Saiba tudo aqui.\",\"breadcrumb\":{\"@id\":\"https:\/\/cgf.janz.pt\/en\/transicao-digital-assegura-sustentabilidade-da-agua\/#breadcrumb\"},\"inLanguage\":\"en-US\",\"potentialAction\":[{\"@type\":\"ReadAction\",\"target\":[\"https:\/\/cgf.janz.pt\/en\/transicao-digital-assegura-sustentabilidade-da-agua\/\"]}]},{\"@type\":\"ImageObject\",\"inLanguage\":\"en-US\",\"@id\":\"https:\/\/cgf.janz.pt\/en\/transicao-digital-assegura-sustentabilidade-da-agua\/#primaryimage\",\"url\":\"https:\/\/cgf.janz.pt\/wp-content\/uploads\/2021\/06\/sustentabilidade-da-agua-entrevista.png\",\"contentUrl\":\"https:\/\/cgf.janz.pt\/wp-content\/uploads\/2021\/06\/sustentabilidade-da-agua-entrevista.png\",\"width\":1200,\"height\":630,\"caption\":\"Sustentabilidade da \u00e1gua - Entrevista ao diretor-geral da JANZ\"},{\"@type\":\"BreadcrumbList\",\"@id\":\"https:\/\/cgf.janz.pt\/en\/transicao-digital-assegura-sustentabilidade-da-agua\/#breadcrumb\",\"itemListElement\":[{\"@type\":\"ListItem\",\"position\":1,\"name\":\"In\u00edcio\",\"item\":\"https:\/\/cgf.janz.pt\/en\/\"},{\"@type\":\"ListItem\",\"position\":2,\"name\":\"Transi\u00e7\u00e3o digital assegura sustentabilidade da \u00e1gua\"}]},{\"@type\":\"WebSite\",\"@id\":\"https:\/\/cgf.janz.pt\/#website\",\"url\":\"https:\/\/cgf.janz.pt\/\",\"name\":\"Janz - Contagem e Gest\u00e3o de Flu\u00eddos S.A.\",\"description\":\"Fabrica, comercializa e distribu\u00ed contadores de \u00e0gua, pe\u00e7as de precis\u00e3o e injec\u00e7\u00e3o de pl\u00e1sticos\",\"potentialAction\":[{\"@type\":\"SearchAction\",\"target\":{\"@type\":\"EntryPoint\",\"urlTemplate\":\"https:\/\/cgf.janz.pt\/?s={search_term_string}\"},\"query-input\":{\"@type\":\"PropertyValueSpecification\",\"valueRequired\":true,\"valueName\":\"search_term_string\"}}],\"inLanguage\":\"en-US\"},{\"@type\":\"Person\",\"@id\":\"https:\/\/cgf.janz.pt\/#\/schema\/person\/2e41fa850d62da560ecf76969abaa6d9\",\"name\":\"Janz\",\"image\":{\"@type\":\"ImageObject\",\"inLanguage\":\"en-US\",\"@id\":\"https:\/\/cgf.janz.pt\/#\/schema\/person\/image\/\",\"url\":\"https:\/\/secure.gravatar.com\/avatar\/c35974e2c8cada1300d493bd5bf770139495e9fa6b9f282276bf5aa53120f74a?s=96&d=mm&r=g\",\"contentUrl\":\"https:\/\/secure.gravatar.com\/avatar\/c35974e2c8cada1300d493bd5bf770139495e9fa6b9f282276bf5aa53120f74a?s=96&d=mm&r=g\",\"caption\":\"Janz\"},\"url\":\"https:\/\/cgf.janz.pt\/en\/author\/veragino\/\"}]}<\/script>\n<!-- \/ Yoast SEO plugin. -->","yoast_head_json":{"title":"Transi\u00e7\u00e3o digital assegura sustentabilidade da \u00e1gua - JANZ","description":"O diretor-geral da JANZ fala-nos de como a tecnologia pode contribuir para a sustentabilidade da \u00e1gua e para um mundo melhor. Saiba tudo aqui.","robots":{"index":"index","follow":"follow","max-snippet":"max-snippet:-1","max-image-preview":"max-image-preview:large","max-video-preview":"max-video-preview:-1"},"canonical":"https:\/\/cgf.janz.pt\/en\/transicao-digital-assegura-sustentabilidade-da-agua\/","og_locale":"en_US","og_type":"article","og_title":"Transi\u00e7\u00e3o digital assegura sustentabilidade da \u00e1gua Janz - Contagem e Gest\u00e3o de Flu\u00eddos S.A.","og_description":"Gianpaolo acredita que o setor da \u00e1gua tem agora uma grande oportunidade para contribuir para a sustentabilidade h\u00eddrica e que a transi\u00e7\u00e3o digital do setor est\u00e1 para breve.","og_url":"https:\/\/cgf.janz.pt\/en\/transicao-digital-assegura-sustentabilidade-da-agua\/","og_site_name":"Janz - Contagem e Gest\u00e3o de Flu\u00eddos S.A.","article_published_time":"2021-06-09T08:17:38+00:00","article_modified_time":"2021-08-26T12:01:37+00:00","og_image":[{"width":1200,"height":630,"url":"https:\/\/cgf.janz.pt\/wp-content\/uploads\/2021\/06\/sustentabilidade-da-agua-entrevista.png","type":"image\/png"}],"author":"Janz","twitter_card":"summary_large_image","twitter_misc":{"Written by":"Janz","Est. reading time":"4 minutes"},"schema":{"@context":"https:\/\/schema.org","@graph":[{"@type":"Article","@id":"https:\/\/cgf.janz.pt\/en\/transicao-digital-assegura-sustentabilidade-da-agua\/#article","isPartOf":{"@id":"https:\/\/cgf.janz.pt\/en\/transicao-digital-assegura-sustentabilidade-da-agua\/"},"author":{"name":"Janz","@id":"https:\/\/cgf.janz.pt\/#\/schema\/person\/2e41fa850d62da560ecf76969abaa6d9"},"headline":"Transi\u00e7\u00e3o digital assegura sustentabilidade da \u00e1gua","datePublished":"2021-06-09T08:17:38+00:00","dateModified":"2021-08-26T12:01:37+00:00","mainEntityOfPage":{"@id":"https:\/\/cgf.janz.pt\/en\/transicao-digital-assegura-sustentabilidade-da-agua\/"},"wordCount":981,"image":{"@id":"https:\/\/cgf.janz.pt\/en\/transicao-digital-assegura-sustentabilidade-da-agua\/#primaryimage"},"thumbnailUrl":"https:\/\/cgf.janz.pt\/wp-content\/uploads\/2021\/06\/sustentabilidade-da-agua-entrevista.png","inLanguage":"en-US"},{"@type":"WebPage","@id":"https:\/\/cgf.janz.pt\/en\/transicao-digital-assegura-sustentabilidade-da-agua\/","url":"https:\/\/cgf.janz.pt\/en\/transicao-digital-assegura-sustentabilidade-da-agua\/","name":"Transi\u00e7\u00e3o digital assegura sustentabilidade da \u00e1gua - JANZ","isPartOf":{"@id":"https:\/\/cgf.janz.pt\/#website"},"primaryImageOfPage":{"@id":"https:\/\/cgf.janz.pt\/en\/transicao-digital-assegura-sustentabilidade-da-agua\/#primaryimage"},"image":{"@id":"https:\/\/cgf.janz.pt\/en\/transicao-digital-assegura-sustentabilidade-da-agua\/#primaryimage"},"thumbnailUrl":"https:\/\/cgf.janz.pt\/wp-content\/uploads\/2021\/06\/sustentabilidade-da-agua-entrevista.png","datePublished":"2021-06-09T08:17:38+00:00","dateModified":"2021-08-26T12:01:37+00:00","author":{"@id":"https:\/\/cgf.janz.pt\/#\/schema\/person\/2e41fa850d62da560ecf76969abaa6d9"},"description":"O diretor-geral da JANZ fala-nos de como a tecnologia pode contribuir para a sustentabilidade da \u00e1gua e para um mundo melhor. Saiba tudo aqui.","breadcrumb":{"@id":"https:\/\/cgf.janz.pt\/en\/transicao-digital-assegura-sustentabilidade-da-agua\/#breadcrumb"},"inLanguage":"en-US","potentialAction":[{"@type":"ReadAction","target":["https:\/\/cgf.janz.pt\/en\/transicao-digital-assegura-sustentabilidade-da-agua\/"]}]},{"@type":"ImageObject","inLanguage":"en-US","@id":"https:\/\/cgf.janz.pt\/en\/transicao-digital-assegura-sustentabilidade-da-agua\/#primaryimage","url":"https:\/\/cgf.janz.pt\/wp-content\/uploads\/2021\/06\/sustentabilidade-da-agua-entrevista.png","contentUrl":"https:\/\/cgf.janz.pt\/wp-content\/uploads\/2021\/06\/sustentabilidade-da-agua-entrevista.png","width":1200,"height":630,"caption":"Sustentabilidade da \u00e1gua - Entrevista ao diretor-geral da JANZ"},{"@type":"BreadcrumbList","@id":"https:\/\/cgf.janz.pt\/en\/transicao-digital-assegura-sustentabilidade-da-agua\/#breadcrumb","itemListElement":[{"@type":"ListItem","position":1,"name":"In\u00edcio","item":"https:\/\/cgf.janz.pt\/en\/"},{"@type":"ListItem","position":2,"name":"Transi\u00e7\u00e3o digital assegura sustentabilidade da \u00e1gua"}]},{"@type":"WebSite","@id":"https:\/\/cgf.janz.pt\/#website","url":"https:\/\/cgf.janz.pt\/","name":"Janz - Contagem e Gest\u00e3o de Flu\u00eddos S.A.","description":"Fabrica, comercializa e distribu\u00ed contadores de \u00e0gua, pe\u00e7as de precis\u00e3o e injec\u00e7\u00e3o de pl\u00e1sticos","potentialAction":[{"@type":"SearchAction","target":{"@type":"EntryPoint","urlTemplate":"https:\/\/cgf.janz.pt\/?s={search_term_string}"},"query-input":{"@type":"PropertyValueSpecification","valueRequired":true,"valueName":"search_term_string"}}],"inLanguage":"en-US"},{"@type":"Person","@id":"https:\/\/cgf.janz.pt\/#\/schema\/person\/2e41fa850d62da560ecf76969abaa6d9","name":"Janz","image":{"@type":"ImageObject","inLanguage":"en-US","@id":"https:\/\/cgf.janz.pt\/#\/schema\/person\/image\/","url":"https:\/\/secure.gravatar.com\/avatar\/c35974e2c8cada1300d493bd5bf770139495e9fa6b9f282276bf5aa53120f74a?s=96&d=mm&r=g","contentUrl":"https:\/\/secure.gravatar.com\/avatar\/c35974e2c8cada1300d493bd5bf770139495e9fa6b9f282276bf5aa53120f74a?s=96&d=mm&r=g","caption":"Janz"},"url":"https:\/\/cgf.janz.pt\/en\/author\/veragino\/"}]}},"_links":{"self":[{"href":"https:\/\/cgf.janz.pt\/en\/wp-json\/wp\/v2\/posts\/6287","targetHints":{"allow":["GET"]}}],"collection":[{"href":"https:\/\/cgf.janz.pt\/en\/wp-json\/wp\/v2\/posts"}],"about":[{"href":"https:\/\/cgf.janz.pt\/en\/wp-json\/wp\/v2\/types\/post"}],"author":[{"embeddable":true,"href":"https:\/\/cgf.janz.pt\/en\/wp-json\/wp\/v2\/users\/9"}],"replies":[{"embeddable":true,"href":"https:\/\/cgf.janz.pt\/en\/wp-json\/wp\/v2\/comments?post=6287"}],"version-history":[{"count":10,"href":"https:\/\/cgf.janz.pt\/en\/wp-json\/wp\/v2\/posts\/6287\/revisions"}],"predecessor-version":[{"id":6418,"href":"https:\/\/cgf.janz.pt\/en\/wp-json\/wp\/v2\/posts\/6287\/revisions\/6418"}],"wp:featuredmedia":[{"embeddable":true,"href":"https:\/\/cgf.janz.pt\/en\/wp-json\/wp\/v2\/media\/6288"}],"wp:attachment":[{"href":"https:\/\/cgf.janz.pt\/en\/wp-json\/wp\/v2\/media?parent=6287"}],"wp:term":[{"taxonomy":"category","embeddable":true,"href":"https:\/\/cgf.janz.pt\/en\/wp-json\/wp\/v2\/categories?post=6287"},{"taxonomy":"post_tag","embeddable":true,"href":"https:\/\/cgf.janz.pt\/en\/wp-json\/wp\/v2\/tags?post=6287"}],"curies":[{"name":"wp","href":"https:\/\/api.w.org\/{rel}","templated":true}]}}